{"id":370,"date":"2014-05-09T09:35:38","date_gmt":"2014-05-09T08:35:38","guid":{"rendered":"http:\/\/melchen.de\/?p=370"},"modified":"2018-08-02T23:15:45","modified_gmt":"2018-08-02T22:15:45","slug":"mein-naehzimmer","status":"publish","type":"post","link":"https:\/\/melchen.de\/?p=370","title":{"rendered":"Mein N\u00e4hzimmer!"},"content":{"rendered":"<p>Hallo Welt da drau\u00dfen!<\/p>\n<p>Mein letzter Eintrag ist von August und nat\u00fcrlich hat sich in der langen Zeit einiges getan! Aber erst mal DAS Wichtigste aus der N\u00e4h-Ecke \ud83d\ude42 Ich habe mein eigenes N\u00e4h- und Arbeitszimmer *H\u00fcpfSpringJubel* Unser &#8222;G\u00e4stezimmer&#8220; wurde zu meinem Reich!!!<\/p>\n<p>Die \u00dcberzeugungsarbeit bei meinem liebsten war eigentlich relativ easy &#8211; was ich nicht gedacht habe *lach* Dadurch, dass wir unser &#8222;G\u00e4stezimmer&#8220;, eher als Abstell-\/Rumpelkammer mit einer kleinen Schlafcouch f\u00fcr Besuch genutzt haben und ich mich \u00f6fters mal beschwert habe, dass ich viel zu wenig Platz habe und auch viel mehr n\u00e4hen w\u00fcrde, wenn ich ein eigenes Zimmer h\u00e4tte&#8230;. Tjaaaa&#8230; Somit haben wir im Urlaub die Chance ergriffen und alles \u00fcberfl\u00fcssige aus dem G\u00e4stezimmer entsorgt und die Couch in Mikes Zimmer gestellt, da er das gr\u00f6\u00dfere Zimmer behalten durfte \ud83d\ude42<\/p>\n<p>Hier erst mal ein paar Fotos von MEINEM Zimmer:<\/p>\n<p>&nbsp;<\/p>\n<p>&nbsp;<\/p>\n\n\t\t<style type=\"text\/css\">\n\t\t\t#gallery-1 {\n\t\t\t\tmargin: auto;\n\t\t\t}\n\t\t\t#gallery-1 .gallery-item {\n\t\t\t\tfloat: left;\n\t\t\t\tmargin-top: 10px;\n\t\t\t\ttext-align: center;\n\t\t\t\twidth: 33%;\n\t\t\t}\n\t\t\t#gallery-1 img {\n\t\t\t\tborder: 2px solid #cfcfcf;\n\t\t\t}\n\t\t\t#gallery-1 .gallery-caption {\n\t\t\t\tmargin-left: 0;\n\t\t\t}\n\t\t\t\/* see gallery_shortcode() in wp-includes\/media.php *\/\n\t\t<\/style>\n\t\t<div data-carousel-extra='{\"blog_id\":1,\"permalink\":\"https:\\\/\\\/melchen.de\\\/?p=370\"}' id='gallery-1' class='gallery galleryid-370 gallery-columns-3 gallery-size-thumbnail'><dl class='gallery-item'>\n\t\t\t<dt class='gallery-icon landscape'>\n\t\t\t\t<a href='https:\/\/melchen.de\/?attachment_id=374'><img loading=\"lazy\" decoding=\"async\" width=\"150\" height=\"150\" src=\"https:\/\/melchen.de\/wp-content\/uploads\/2014\/05\/2-150x150.jpg\" class=\"attachment-thumbnail size-thumbnail\" alt=\"\" aria-describedby=\"gallery-1-374\" data-attachment-id=\"374\" data-permalink=\"https:\/\/melchen.de\/?attachment_id=374\" data-orig-file=\"https:\/\/melchen.de\/wp-content\/uploads\/2014\/05\/2.jpg\" data-orig-size=\"3264,2448\" data-comments-opened=\"1\" data-image-meta=\"{&quot;aperture&quot;:&quot;2.4&quot;,&quot;credit&quot;:&quot;&quot;,&quot;camera&quot;:&quot;iPhone 4S&quot;,&quot;caption&quot;:&quot;&quot;,&quot;created_timestamp&quot;:&quot;1399399407&quot;,&quot;copyright&quot;:&quot;&quot;,&quot;focal_length&quot;:&quot;4.28&quot;,&quot;iso&quot;:&quot;64&quot;,&quot;shutter_speed&quot;:&quot;0.033333333333333&quot;,&quot;title&quot;:&quot;&quot;}\" data-image-title=\"N\u00e4hzimmer\" data-image-description=\"\" data-image-caption=\"&lt;p&gt;Frontansicht von der T\u00fcr aus&lt;\/p&gt;\n\" data-medium-file=\"https:\/\/melchen.de\/wp-content\/uploads\/2014\/05\/2-300x225.jpg\" data-large-file=\"https:\/\/melchen.de\/wp-content\/uploads\/2014\/05\/2-1024x768.jpg\" \/><\/a>\n\t\t\t<\/dt>\n\t\t\t\t<dd class='wp-caption-text gallery-caption' id='gallery-1-374'>\n\t\t\t\tFrontansicht von der T\u00fcr aus\n\t\t\t\t<\/dd><\/dl><dl class='gallery-item'>\n\t\t\t<dt class='gallery-icon portrait'>\n\t\t\t\t<a href='https:\/\/melchen.de\/?attachment_id=376'><img loading=\"lazy\" decoding=\"async\" width=\"150\" height=\"150\" src=\"https:\/\/melchen.de\/wp-content\/uploads\/2014\/05\/4-e1399623486878-150x150.jpg\" class=\"attachment-thumbnail size-thumbnail\" alt=\"\" aria-describedby=\"gallery-1-376\" data-attachment-id=\"376\" data-permalink=\"https:\/\/melchen.de\/?attachment_id=376\" data-orig-file=\"https:\/\/melchen.de\/wp-content\/uploads\/2014\/05\/4-e1399623486878.jpg\" data-orig-size=\"2448,3263\" data-comments-opened=\"1\" data-image-meta=\"{&quot;aperture&quot;:&quot;2.4&quot;,&quot;credit&quot;:&quot;&quot;,&quot;camera&quot;:&quot;iPhone 4S&quot;,&quot;caption&quot;:&quot;&quot;,&quot;created_timestamp&quot;:&quot;1399399428&quot;,&quot;copyright&quot;:&quot;&quot;,&quot;focal_length&quot;:&quot;4.28&quot;,&quot;iso&quot;:&quot;64&quot;,&quot;shutter_speed&quot;:&quot;0.05&quot;,&quot;title&quot;:&quot;&quot;}\" data-image-title=\"N\u00e4hzimmer\" data-image-description=\"\" data-image-caption=\"&lt;p&gt;Links von der T\u00fcr aus&lt;\/p&gt;\n\" data-medium-file=\"https:\/\/melchen.de\/wp-content\/uploads\/2014\/05\/4-e1399623486878-225x300.jpg\" data-large-file=\"https:\/\/melchen.de\/wp-content\/uploads\/2014\/05\/4-e1399623486878-768x1024.jpg\" \/><\/a>\n\t\t\t<\/dt>\n\t\t\t\t<dd class='wp-caption-text gallery-caption' id='gallery-1-376'>\n\t\t\t\tLinks von der T\u00fcr aus\n\t\t\t\t<\/dd><\/dl><dl class='gallery-item'>\n\t\t\t<dt class='gallery-icon portrait'>\n\t\t\t\t<a href='https:\/\/melchen.de\/?attachment_id=378'><img loading=\"lazy\" decoding=\"async\" width=\"150\" height=\"150\" src=\"https:\/\/melchen.de\/wp-content\/uploads\/2014\/05\/6-e1399623507880-150x150.jpg\" class=\"attachment-thumbnail size-thumbnail\" alt=\"\" aria-describedby=\"gallery-1-378\" data-attachment-id=\"378\" data-permalink=\"https:\/\/melchen.de\/?attachment_id=378\" data-orig-file=\"https:\/\/melchen.de\/wp-content\/uploads\/2014\/05\/6-e1399623507880.jpg\" data-orig-size=\"2448,3263\" data-comments-opened=\"1\" data-image-meta=\"{&quot;aperture&quot;:&quot;2.4&quot;,&quot;credit&quot;:&quot;&quot;,&quot;camera&quot;:&quot;iPhone 4S&quot;,&quot;caption&quot;:&quot;&quot;,&quot;created_timestamp&quot;:&quot;1399399448&quot;,&quot;copyright&quot;:&quot;&quot;,&quot;focal_length&quot;:&quot;4.28&quot;,&quot;iso&quot;:&quot;50&quot;,&quot;shutter_speed&quot;:&quot;0.041666666666667&quot;,&quot;title&quot;:&quot;&quot;}\" data-image-title=\"N\u00e4hzimmer\" data-image-description=\"\" data-image-caption=\"&lt;p&gt;Rechts von der T\u00fcr aus&lt;\/p&gt;\n\" data-medium-file=\"https:\/\/melchen.de\/wp-content\/uploads\/2014\/05\/6-e1399623507880-225x300.jpg\" data-large-file=\"https:\/\/melchen.de\/wp-content\/uploads\/2014\/05\/6-e1399623507880-768x1024.jpg\" \/><\/a>\n\t\t\t<\/dt>\n\t\t\t\t<dd class='wp-caption-text gallery-caption' id='gallery-1-378'>\n\t\t\t\tRechts von der T\u00fcr aus\n\t\t\t\t<\/dd><\/dl><br style=\"clear: both\" \/><dl class='gallery-item'>\n\t\t\t<dt class='gallery-icon portrait'>\n\t\t\t\t<a href='https:\/\/melchen.de\/?attachment_id=381'><img loading=\"lazy\" decoding=\"async\" width=\"150\" height=\"150\" src=\"https:\/\/melchen.de\/wp-content\/uploads\/2014\/05\/8-e1399623807537-150x150.jpg\" class=\"attachment-thumbnail size-thumbnail\" alt=\"\" aria-describedby=\"gallery-1-381\" data-attachment-id=\"381\" data-permalink=\"https:\/\/melchen.de\/?attachment_id=381\" data-orig-file=\"https:\/\/melchen.de\/wp-content\/uploads\/2014\/05\/8-e1399623807537.jpg\" data-orig-size=\"2448,3263\" data-comments-opened=\"1\" data-image-meta=\"{&quot;aperture&quot;:&quot;2.4&quot;,&quot;credit&quot;:&quot;&quot;,&quot;camera&quot;:&quot;iPhone 4S&quot;,&quot;caption&quot;:&quot;&quot;,&quot;created_timestamp&quot;:&quot;1399399457&quot;,&quot;copyright&quot;:&quot;&quot;,&quot;focal_length&quot;:&quot;4.28&quot;,&quot;iso&quot;:&quot;100&quot;,&quot;shutter_speed&quot;:&quot;0.05&quot;,&quot;title&quot;:&quot;&quot;}\" data-image-title=\"N\u00e4hzimmer\" data-image-description=\"\" data-image-caption=\"&lt;p&gt;Rechts von der T\u00fcr aus&lt;\/p&gt;\n\" data-medium-file=\"https:\/\/melchen.de\/wp-content\/uploads\/2014\/05\/8-e1399623807537-225x300.jpg\" data-large-file=\"https:\/\/melchen.de\/wp-content\/uploads\/2014\/05\/8-e1399623807537-768x1024.jpg\" \/><\/a>\n\t\t\t<\/dt>\n\t\t\t\t<dd class='wp-caption-text gallery-caption' id='gallery-1-381'>\n\t\t\t\tRechts von der T\u00fcr aus\n\t\t\t\t<\/dd><\/dl>\n\t\t\t<br style='clear: both' \/>\n\t\t<\/div>\n\n<p><a href=\"http:\/\/melchen.de\/wp-content\/uploads\/2014\/05\/2.jpg\"><br \/>\n<\/a> <a href=\"http:\/\/melchen.de\/wp-content\/uploads\/2014\/05\/1.jpg\"><br \/>\n<\/a>Den Tisch zum Zuschneiden und N\u00e4hen haben wir selbst gestaltet und &#8222;gebaut&#8220;. Die&nbsp;gro\u00dfe Holzplatte aus dem Baumarkt wurde auf zwei Ikea <a title=\"Ikea Kallax\" href=\"http:\/\/www.ikea.com\/de\/de\/catalog\/products\/40275813\/\" target=\"_blank\" rel=\"noopener\">Kallax<\/a> (f\u00fcr Staum\u00f6glichkeiten) gelegt. Gestern habe ich das erst mal etwas gen\u00e4ht und gemerkt, dass mein jetziger Stuhl viel zu niedrig ist, sprich &#8211; ein h\u00f6herer Stuhl oder Hocker muss her. An der linken Wand, wo jetzt die Bilder h\u00e4ngen, soll irgendwann mal ein N\u00e4hgarnrollenhalter hin. Sofern mein liebster die Zeit findet mir so einen zusammen zu zimmern \ud83d\ude42 Auch die Aufbewahrung der B\u00e4nder und anderen Utensilien ist f\u00fcr meinen Geschmack auch noch nicht 100%ig, aber alles zu seiner Zeit.<\/p>\n<p>Am liebsten h\u00e4tte ich die Wandfarbe in Flieder ge\u00e4ndert, dass es mehr nach meinem Zimmer aussieht. Aber nach der Woche hatten wir dann doch keine Lust mehr auf Streichen. Das kommt dann bei Gelegenheit.<\/p>\n<p>&nbsp;<\/p>\n","protected":false},"excerpt":{"rendered":"<p>Hallo Welt da drau\u00dfen! Mein letzter Eintrag ist von August und nat\u00fcrlich hat sich in der langen Zeit einiges getan! Aber erst mal DAS Wichtigste aus der N\u00e4h-Ecke&#8230;<\/p>\n","protected":false},"author":1,"featured_media":374,"comment_status":"open","ping_status":"open","sticky":false,"template":"","format":"standard","meta":{"ngg_post_thumbnail":0,"jetpack_post_was_ever_published":false,"_jetpack_newsletter_access":"","_jetpack_newsletter_tier_id":0,"footnotes":"","jetpack_publicize_message":"","jetpack_is_tweetstorm":false,"jetpack_publicize_feature_enabled":true,"jetpack_social_post_already_shared":true,"jetpack_social_options":{"image_generator_settings":{"template":"highway","enabled":false}}},"categories":[1],"tags":[8,9],"jetpack_publicize_connections":[],"jetpack_featured_media_url":"https:\/\/melchen.de\/wp-content\/uploads\/2014\/05\/2.jpg","jetpack_shortlink":"https:\/\/wp.me\/p48NDd-5Y","jetpack_sharing_enabled":true,"_links":{"self":[{"href":"https:\/\/melchen.de\/index.php?rest_route=\/wp\/v2\/posts\/370"}],"collection":[{"href":"https:\/\/melchen.de\/index.php?rest_route=\/wp\/v2\/posts"}],"about":[{"href":"https:\/\/melchen.de\/index.php?rest_route=\/wp\/v2\/types\/post"}],"author":[{"embeddable":true,"href":"https:\/\/melchen.de\/index.php?rest_route=\/wp\/v2\/users\/1"}],"replies":[{"embeddable":true,"href":"https:\/\/melchen.de\/index.php?rest_route=%2Fwp%2Fv2%2Fcomments&post=370"}],"version-history":[{"count":9,"href":"https:\/\/melchen.de\/index.php?rest_route=\/wp\/v2\/posts\/370\/revisions"}],"predecessor-version":[{"id":430,"href":"https:\/\/melchen.de\/index.php?rest_route=\/wp\/v2\/posts\/370\/revisions\/430"}],"wp:featuredmedia":[{"embeddable":true,"href":"https:\/\/melchen.de\/index.php?rest_route=\/wp\/v2\/media\/374"}],"wp:attachment":[{"href":"https:\/\/melchen.de\/index.php?rest_route=%2Fwp%2Fv2%2Fmedia&parent=370"}],"wp:term":[{"taxonomy":"category","embeddable":true,"href":"https:\/\/melchen.de\/index.php?rest_route=%2Fwp%2Fv2%2Fcategories&post=370"},{"taxonomy":"post_tag","embeddable":true,"href":"https:\/\/melchen.de\/index.php?rest_route=%2Fwp%2Fv2%2Ftags&post=370"}],"curies":[{"name":"wp","href":"https:\/\/api.w.org\/{rel}","templated":true}]}}